{"id":782,"date":"2022-07-05T20:11:58","date_gmt":"2022-07-05T20:11:58","guid":{"rendered":"https:\/\/pracowniaswiadomychemocji.pl\/?p=782"},"modified":"2022-10-21T07:36:05","modified_gmt":"2022-10-21T07:36:05","slug":"historie-naszych-przodkow-zyja-w-nas","status":"publish","type":"post","link":"https:\/\/pracowniaswiadomychemocji.pl\/index.php\/2022\/07\/05\/historie-naszych-przodkow-zyja-w-nas\/","title":{"rendered":"Historie naszych przodk\u00f3w \u017cyj\u0105 w nas&#8230;"},"content":{"rendered":"\n<p>My\u015bl\u0119 dzi\u015b o tych historiach mojego rodu, kt\u00f3re nigdy nie zosta\u0142y wypowiedziane. Nigdy nie us\u0142yszane. Nie utulone. Nie uzdrowione. Tych, kt\u00f3re zosta\u0142y pochowane razem z cz\u0142onkami rodziny, lecz tak naprawd\u0119 nie znikn\u0119\u0142y &#8211; s\u0105 zapisane w moim ciele, w mojej pod\u015bwiadomo\u015bci. Traumy i trudne emocje przechodz\u0105 z pokolenia na pokolenie, czekaj\u0105c na mi\u0142o\u015b\u0107 i zrozumienie, kt\u00f3rymi mo\u017cemy je obj\u0105\u0107.&nbsp;&nbsp;<\/p>\n\n\n\n<p>Co jest tak naprawd\u0119 Twoje, a co odziedziczy\u0142e\u015b \/ odziedziczy\u0142a\u015b po swoich przodkach? Jaki l\u0119k, smutek czy gniew, jakie blokady, przekonania, cele? W moim poczuciu nie chodzi o to, aby si\u0119 odcina\u0107, a o to, \u017ceby uhonorowa\u0107 uczucia, do\u015bwiadczenia i pragnienia tych, kt\u00f3rzy byli przed nami i podzi\u0119kowa\u0107 za to, co nam osobi\u015bcie nie s\u0142u\u017cy &#8211; z szacunkiem i mi\u0142o\u015bci\u0105.&nbsp;<\/p>\n\n\n\n<p>W tym szczeg\u00f3lnym czasie, zapraszam Ci\u0119 do tego, aby po\u0142\u0105czy\u0107 si\u0119 z histori\u0105 przodk\u00f3w i stan\u0105\u0107 do tego, aby da\u0107 ukojenie temu, czego do\u015bwiadczali.&nbsp;Zatrzymaj si\u0119 na chwil\u0119, skontaktuj si\u0119 z cia\u0142em&#8230; Poczuj gdzie w Twoim ciele mieszkaj\u0105 ich traumy i jakiej opieki od Ciebie potrzebuj\u0105. Podzi\u0119kuj za przekonania, kt\u00f3re by\u0107 mo\u017ce pozwala\u0142y im przetrwa\u0107, a Tobie nie s\u0142u\u017c\u0105. Przyjrzyj si\u0119 tej spu\u015bci\u017anie, kt\u00f3ra mo\u017ce Ci\u0119 wspiera\u0107 i je\u015bli tak czujesz &#8211; przyjmij j\u0105 jako swoj\u0105.&nbsp;&nbsp;Obj\u0119cie \u015bwiadomo\u015bci\u0105 i mi\u0142o\u015bci\u0105 w\u0142asnego rodu, uzdrawianie rodowych traum to fundamentalna praca dla \u017cycia w wolno\u015bci jako kreator swojej rzeczywisto\u015bci.&nbsp;&nbsp;<\/p>\n\n\n\n<p>Pami\u0119tajmy o tym, \u017ce nasi przodkowie \u017cyli w przestrzeniach, w kt\u00f3rych nie mogli si\u0119ga\u0107 po dost\u0119pn\u0105 nam dzi\u015b wiedz\u0119 i \u015bwiadomo\u015b\u0107, cz\u0119sto przyt\u0142oczeni w\u0142asnymi ranami, przekazywali dalej toksyczne wzorce i zachowania, wierz\u0105c, \u017ce &#8222;tak jest najlepiej&#8221;. Wysy\u0142anie \u015bwiat\u0142a, zrozumienia i mi\u0142o\u015bci w ich kierunku ma niezwyk\u0142\u0105 moc.&nbsp;<\/p>\n","protected":false},"excerpt":{"rendered":"<p>My\u015bl\u0119 dzi\u015b o tych historiach mojego rodu, kt\u00f3re nigdy nie zosta\u0142y wypowiedziane. Nigdy nie us\u0142yszane. Nie utulone. Nie uzdrowione. Tych, kt\u00f3re zosta\u0142y pochowane razem z cz\u0142onkami rodziny, lecz tak naprawd\u0119 nie znikn\u0119\u0142y &#8211; s\u0105 zapisane w moim ciele, w mojej pod\u015bwiadomo\u015bci. Traumy i trudne emocje przechodz\u0105 z pokolenia na pokolenie, czekaj\u0105c na mi\u0142o\u015b\u0107 i zrozumienie, &hellip; <a href=\"https:\/\/pracowniaswiadomychemocji.pl\/index.php\/2022\/07\/05\/historie-naszych-przodkow-zyja-w-nas\/\" class=\"more-link\">Continue reading<span class=\"screen-reader-text\"> &#8222;Historie naszych przodk\u00f3w \u017cyj\u0105 w nas&#8230;&#8221;<\/span><\/a><\/p>\n","protected":false},"author":1,"featured_media":974,"comment_status":"closed","ping_status":"closed","sticky":false,"template":"","format":"standard","meta":{"footnotes":""},"categories":[34],"tags":[],"class_list":["post-782","post","type-post","status-publish","format-standard","has-post-thumbnail","hentry","category-wszystkie"],"_links":{"self":[{"href":"https:\/\/pracowniaswiadomychemocji.pl\/index.php\/wp-json\/wp\/v2\/posts\/782","targetHints":{"allow":["GET"]}}],"collection":[{"href":"https:\/\/pracowniaswiadomychemocji.pl\/index.php\/wp-json\/wp\/v2\/posts"}],"about":[{"href":"https:\/\/pracowniaswiadomychemocji.pl\/index.php\/wp-json\/wp\/v2\/types\/post"}],"author":[{"embeddable":true,"href":"https:\/\/pracowniaswiadomychemocji.pl\/index.php\/wp-json\/wp\/v2\/users\/1"}],"replies":[{"embeddable":true,"href":"https:\/\/pracowniaswiadomychemocji.pl\/index.php\/wp-json\/wp\/v2\/comments?post=782"}],"version-history":[{"count":2,"href":"https:\/\/pracowniaswiadomychemocji.pl\/index.php\/wp-json\/wp\/v2\/posts\/782\/revisions"}],"predecessor-version":[{"id":975,"href":"https:\/\/pracowniaswiadomychemocji.pl\/index.php\/wp-json\/wp\/v2\/posts\/782\/revisions\/975"}],"wp:featuredmedia":[{"embeddable":true,"href":"https:\/\/pracowniaswiadomychemocji.pl\/index.php\/wp-json\/wp\/v2\/media\/974"}],"wp:attachment":[{"href":"https:\/\/pracowniaswiadomychemocji.pl\/index.php\/wp-json\/wp\/v2\/media?parent=782"}],"wp:term":[{"taxonomy":"category","embeddable":true,"href":"https:\/\/pracowniaswiadomychemocji.pl\/index.php\/wp-json\/wp\/v2\/categories?post=782"},{"taxonomy":"post_tag","embeddable":true,"href":"https:\/\/pracowniaswiadomychemocji.pl\/index.php\/wp-json\/wp\/v2\/tags?post=782"}],"curies":[{"name":"wp","href":"https:\/\/api.w.org\/{rel}","templated":true}]}}